{"id":3068,"date":"2025-10-15T14:17:08","date_gmt":"2025-10-15T14:17:08","guid":{"rendered":"https:\/\/caritaskongolo.org\/wp\/?p=3068"},"modified":"2025-10-15T14:17:09","modified_gmt":"2025-10-15T14:17:09","slug":"kongolo-les-enqueteurs-et-superviseurs-formes-dans-le-cadre-du-projet-pdm-27-par-la-caritas-congo-asbl","status":"publish","type":"post","link":"https:\/\/caritaskongolo.org\/wp\/?p=3068","title":{"rendered":"Kongolo\u00a0: Les enqu\u00eateurs et superviseurs form\u00e9s dans le cadre du projet PDM 27 par la Caritas Congo Asbl"},"content":{"rendered":"\n<p>Une formation sur les enqu\u00eates Post Distribution des Moustiquaires (PDM) a \u00e9t\u00e9 organis\u00e9e \u00e0 Kongolo du mardi 14 au mercredi 15 octobre 2025 \u00e0 laquelle ont pris part 10 enqu\u00eateurs et 2 Superviseurs parmi lesquels 3 filles. Ladite formation s\u2019inscrit dans le cadre du projet Suivi post-distribution (PDM) Pour la campagne RDC 2019 Tanganyika, DRC, ex\u00e9cut\u00e9 par la Caritas Congo Asbl. Elle s\u2019est t\u00e9nue dans la salle des r\u00e9unions de la Caritas \u2013 D\u00e9veloppement Kongolo&nbsp;; Monsieur Jean \u2013 Claude Tshimenan en est le Facilitateur.<\/p>\n\n\n\n<p>Il sied de noter que ces assises ont \u00e9t\u00e9 ouvertes par le Coordonnateur de la CDK, Monsieur l\u2019Abb\u00e9 Joseph CHENGE, qui a remerci\u00e9 le formateur d\u2019avoir effectu\u00e9 le d\u00e9placement jusqu\u2019\u00e0 Kongolo et aux enqu\u00eateurs il les a encourag\u00e9s \u00e0 un travail bien fait lors de leur d\u00e9ploiement sur terrain. Pour sa part, Docteur Tr\u00e9sor MUTONKOLE, Coordonnateur m\u00e9dical au Bureau Dioc\u00e9sain des \u0153uvres M\u00e9dicales (BDOM) de la CDK a invit\u00e9 les participants \u00e0 \u00eatre attentif \u00e0 cette formation pour un travail de qualit\u00e9 sur terrain.&nbsp;<br>&nbsp;Apr\u00e8s cette s\u00e9ance de formation, d\u2019une part, les enqu\u00eateurs et superviseurs form\u00e9s auront comme r\u00f4le sur terrain, de surveiller la pr\u00e9sence, l\u2019utilisation et l\u2019\u00e9tat des MIILDA dans 1,5 % de m\u00e9nages b\u00e9n\u00e9ficiaires pour la visite et 5 % des 1,5 % pour la revisite. D\u2019autre part, leur r\u00f4le sera d\u2019encourager la communaut\u00e9 \u00e0 utiliser correctement les moustiquaires.<br>Pour rappel, ces enqu\u00eates cadrent avec la lutte contre le paludisme en RDC, plus pr\u00e9cis\u00e9ment pour le suivi post distribution de la campagne de masse des MIILD qui s\u2019est d\u00e9roul\u00e9e dans la province du Tanganyika en avril et juin 2023. Au cours de cette campagne, 1 992 623 Moustiquaires Impr\u00e9gn\u00e9es d\u2019insecticides \u00e0 Longue Dur\u00e9e d\u2019Action (MIILD) ont \u00e9t\u00e9 distribu\u00e9es \u00e0 713 851 m\u00e9nages. Ce suivi post-distribution est pr\u00e9vue en trois phases : PDM 9, PDM 18 et PDM 27, respectivement 9 mois, 18 et 27 mois apr\u00e8s la campagne.<br><br>Cette activit\u00e9 est conforme au plan strat\u00e9gique du Programme National de Lutte contre le Paludisme (PNLP) et vise \u00e0 s\u2019assurer que le PNLP et ses partenaires d\u2019ex\u00e9cution effectuent le d\u00e9nombrement et la distribution selon les proc\u00e9dures convenues entre le PNLP et AMF.<\/p>\n\n\n\n<p>Que retenir de l\u2019AMF<\/p>\n\n\n\n<p>Against Malaria Foundation (AMF) est une organisation caritative britannique qui existe depuis 15 ans. AMF contribue \u00e0 la lutte contre le paludisme en levant des fonds aupr\u00e8s du public pour acheter des moustiquaires impr\u00e9gn\u00e9es d\u2019insecticides \u00e0 longue dur\u00e9e (MILDA). AMF travaille avec les programmes nationaux de lutte contre le paludisme et leurs partenaires pour distribuer les MILDA qu\u2019elle finance dans plusieurs pays africains. En plus des MILDA, AMF finance \u00e9galement : un suivi ind\u00e9pendant de la pr\u00e9paration et la mise en \u0153uvre des campagnes de distribution de masse pour lesquelles elle finance des MILDA, des enqu\u00eates post-distribution qui ont lieux 9, 18 et 27 mois apr\u00e8s la distribution aupr\u00e8s de 1,5% des m\u00e9nages ayant re\u00e7u des MILDA financ\u00e9es par AMF afin de suivre la pr\u00e9sence, l\u2019utilisation et l\u2019\u00e9tat des MILDA. Ces deux activit\u00e9s sont ex\u00e9cut\u00e9es par des organisations non-gouvernementales bas\u00e9es dans le pays en question.<\/p>\n\n\n\n<p><\/p>\n\n\n\n<p> Crispin NAWEJ\/Communication CDK<\/p>\n\n\n\n<figure class=\"wp-block-gallery has-nested-images columns-default is-cropped wp-block-gallery-1 is-layout-flex wp-block-gallery-is-layout-flex\">\n<figure class=\"wp-block-image size-large\"><img fetchpriority=\"high\" decoding=\"async\" width=\"1024\" height=\"683\" data-id=\"3071\" src=\"https:\/\/caritaskongolo.org\/wp\/wp-content\/uploads\/2025\/10\/PDM1.jpg\" alt=\"\" class=\"wp-image-3071\" srcset=\"https:\/\/caritaskongolo.org\/wp\/wp-content\/uploads\/2025\/10\/PDM1.jpg 1024w, https:\/\/caritaskongolo.org\/wp\/wp-content\/uploads\/2025\/10\/PDM1-300x200.jpg 300w, https:\/\/caritaskongolo.org\/wp\/wp-content\/uploads\/2025\/10\/PDM1-768x512.jpg 768w, https:\/\/caritaskongolo.org\/wp\/wp-content\/uploads\/2025\/10\/PDM1-150x100.jpg 150w, https:\/\/caritaskongolo.org\/wp\/wp-content\/uploads\/2025\/10\/PDM1-450x300.jpg 450w\" sizes=\"(max-width: 1024px) 100vw, 1024px\" \/><\/figure>\n\n\n\n<figure class=\"wp-block-image size-large\"><img decoding=\"async\" width=\"1024\" height=\"683\" data-id=\"3072\" src=\"https:\/\/caritaskongolo.org\/wp\/wp-content\/uploads\/2025\/10\/PDM-int.jpg\" alt=\"\" class=\"wp-image-3072\" srcset=\"https:\/\/caritaskongolo.org\/wp\/wp-content\/uploads\/2025\/10\/PDM-int.jpg 1024w, https:\/\/caritaskongolo.org\/wp\/wp-content\/uploads\/2025\/10\/PDM-int-300x200.jpg 300w, https:\/\/caritaskongolo.org\/wp\/wp-content\/uploads\/2025\/10\/PDM-int-768x512.jpg 768w, https:\/\/caritaskongolo.org\/wp\/wp-content\/uploads\/2025\/10\/PDM-int-150x100.jpg 150w, https:\/\/caritaskongolo.org\/wp\/wp-content\/uploads\/2025\/10\/PDM-int-450x300.jpg 450w\" sizes=\"(max-width: 1024px) 100vw, 1024px\" \/><\/figure>\n<\/figure>\n","protected":false},"excerpt":{"rendered":"<p>Une formation sur les enqu\u00eates Post Distribution des Moustiquaires (PDM) a \u00e9t\u00e9 organis\u00e9e \u00e0 Kongolo du mardi 14 au mercredi 15 octobre 2025 \u00e0 laquelle ont pris part 10 enqu\u00eateurs et 2 Superviseurs parmi lesquels 3 filles. Ladite formation s\u2019inscrit dans le cadre du projet Suivi post-distribution (PDM) Pour la campagne RDC 2019 Tanganyika, DRC,<\/p>\n","protected":false},"author":1,"featured_media":3070,"comment_status":"closed","ping_status":"closed","sticky":false,"template":"","format":"standard","meta":{"ngg_post_thumbnail":0,"footnotes":""},"categories":[78],"tags":[],"class_list":{"0":"post-3068","1":"post","2":"type-post","3":"status-publish","4":"format-standard","5":"has-post-thumbnail","7":"category-sante"},"amp_enabled":true,"_links":{"self":[{"href":"https:\/\/caritaskongolo.org\/wp\/index.php?rest_route=\/wp\/v2\/posts\/3068","targetHints":{"allow":["GET"]}}],"collection":[{"href":"https:\/\/caritaskongolo.org\/wp\/index.php?rest_route=\/wp\/v2\/posts"}],"about":[{"href":"https:\/\/caritaskongolo.org\/wp\/index.php?rest_route=\/wp\/v2\/types\/post"}],"author":[{"embeddable":true,"href":"https:\/\/caritaskongolo.org\/wp\/index.php?rest_route=\/wp\/v2\/users\/1"}],"replies":[{"embeddable":true,"href":"https:\/\/caritaskongolo.org\/wp\/index.php?rest_route=%2Fwp%2Fv2%2Fcomments&post=3068"}],"version-history":[{"count":1,"href":"https:\/\/caritaskongolo.org\/wp\/index.php?rest_route=\/wp\/v2\/posts\/3068\/revisions"}],"predecessor-version":[{"id":3073,"href":"https:\/\/caritaskongolo.org\/wp\/index.php?rest_route=\/wp\/v2\/posts\/3068\/revisions\/3073"}],"wp:featuredmedia":[{"embeddable":true,"href":"https:\/\/caritaskongolo.org\/wp\/index.php?rest_route=\/wp\/v2\/media\/3070"}],"wp:attachment":[{"href":"https:\/\/caritaskongolo.org\/wp\/index.php?rest_route=%2Fwp%2Fv2%2Fmedia&parent=3068"}],"wp:term":[{"taxonomy":"category","embeddable":true,"href":"https:\/\/caritaskongolo.org\/wp\/index.php?rest_route=%2Fwp%2Fv2%2Fcategories&post=3068"},{"taxonomy":"post_tag","embeddable":true,"href":"https:\/\/caritaskongolo.org\/wp\/index.php?rest_route=%2Fwp%2Fv2%2Ftags&post=3068"}],"curies":[{"name":"wp","href":"https:\/\/api.w.org\/{rel}","templated":true}]}}