{"id":3122,"date":"2026-01-09T08:06:15","date_gmt":"2026-01-09T08:06:15","guid":{"rendered":"https:\/\/caritaskongolo.org\/wp\/?p=3122"},"modified":"2026-01-09T08:06:17","modified_gmt":"2026-01-09T08:06:17","slug":"projet-secal-le-manioc-de-la-variete-butamu-refait-son-apparition-dans-la-communaute-grace-au-savoir-faire-de-madame-mukemwendo","status":"publish","type":"post","link":"https:\/\/caritaskongolo.org\/wp\/?p=3122","title":{"rendered":"Projet SECAL\u00a0: Le manioc de la vari\u00e9t\u00e9 BUTAMU refait son apparition dans la communaut\u00e9 gr\u00e2ce au savoir \u2013 faire de Madame MUKEMWENDO"},"content":{"rendered":"\n<p>Il s\u2019agit d\u2019une aventure qui a commenc\u00e9 il y a 13 ans (2013 \u2013 2026). Madame Kitenge MUKE MWENDO, une quadrag\u00e9naire et m\u00e8re de 6 enfants&nbsp;; Elle est membre de l\u2019Organisation Paysanne (OP) Maman Maendeleo situ\u00e9e dans la localit\u00e9 Lemba \u00e0 environ 30 Kilom\u00e8tres de Kongolo centre sur l\u2019axe Lubunda. Elle a su conserver les boutures de manioc de la vari\u00e9t\u00e9 BUTAMU pendant 13 ans alors que cette vari\u00e9t\u00e9 tr\u00e8s recherch\u00e9e avait d\u00e9j\u00e0 disparue dans la zone.<\/p>\n\n\n\n<p>L\u2019OP Maman maendeleo est accompagn\u00e9e par la Caritas \u2013 D\u00e9veloppement Kongolo (CDK) dans le cadre du programme d\u2019appui \u00e0 l\u2019am\u00e9lioration de la s\u00e9curit\u00e9 alimentaire et au renforcement des capacit\u00e9s \u00e9conomiques des m\u00e9nages ruraux (SECAL).<\/p>\n\n\n\n<p>Mme Muke Mwendo est une agricultrice\u00a0; elle a int\u00e9gr\u00e9 l\u2019Op en 2013 au regard de sa situation de vuln\u00e9rabilit\u00e9 apr\u00e8s avoir \u00e9t\u00e9 abandonn\u00e9e par son mari avec ses 6 enfants. Par cette adh\u00e9sion elle esp\u00e9rait trouver une issue pouvant la permettre d\u2019am\u00e9liorer ses conditions de vie notamment par un accompagnement sur la production agricole et des nouvelles connaissances nutritionnelles. Au cours de cette m\u00eame ann\u00e9e (2013) le programme SECAL a appuy\u00e9 les m\u00e9nages avec les semences am\u00e9lior\u00e9es et les boutures de manioc de plusieurs vari\u00e9t\u00e9s comme Liyayi, Butamu, Sawa sawa et Mvazi. Toutes ces vari\u00e9t\u00e9s \u00e9taient import\u00e9es c\u2019est ainsi que la Caritas a form\u00e9 les m\u00e9nages sur la multiplication des semences pour leur autonomisation et pour p\u00e9renniser les vari\u00e9t\u00e9s am\u00e9lior\u00e9es qu\u2019ils venaient de recevoir. Ayant b\u00e9n\u00e9fici\u00e9 de cet appui la quadrag\u00e9naire s\u2019est directement investi \u00e0 mettre en application les enseignements re\u00e7us de la CDK. \u2019\u2019Au regard de la situation de pr\u00e9carit\u00e9 que je traversais avec mes 6 enfants j\u2019ai trouv\u00e9 que l\u2019accompagnement de la Caritas pouvait m\u2019aider \u00e0 m\u2019en sortir\u2019\u2019 a d\u00e9clar\u00e9 Mme Mukemwendo.<\/p>\n\n\n\n<p>Ainsi la quadrag\u00e9naire a fait 50 ares o\u00f9 elle a mis d\u2019autres vari\u00e9t\u00e9s de manioc pour la consommation et autres besoins du m\u00e9nage tandis qu\u2019un autre champ de 25 ares \u00e9tait destin\u00e9 \u00e0 la multiplication des boutures de manioc de la vari\u00e9t\u00e9 Butamu. Au fil de temps Madame Mukemwendo prenait bien soin du champ de multiplication des semences et ajoutait d\u2019autres superficies.<\/p>\n\n\n\n<figure class=\"wp-block-gallery has-nested-images columns-default is-cropped wp-block-gallery-1 is-layout-flex wp-block-gallery-is-layout-flex\">\n<figure class=\"wp-block-image size-large\"><img fetchpriority=\"high\" decoding=\"async\" width=\"1024\" height=\"683\" data-id=\"3125\" src=\"https:\/\/caritaskongolo.org\/wp\/wp-content\/uploads\/2026\/01\/Image-int.jpg\" alt=\"\" class=\"wp-image-3125\" srcset=\"https:\/\/caritaskongolo.org\/wp\/wp-content\/uploads\/2026\/01\/Image-int.jpg 1024w, https:\/\/caritaskongolo.org\/wp\/wp-content\/uploads\/2026\/01\/Image-int-300x200.jpg 300w, https:\/\/caritaskongolo.org\/wp\/wp-content\/uploads\/2026\/01\/Image-int-768x512.jpg 768w, https:\/\/caritaskongolo.org\/wp\/wp-content\/uploads\/2026\/01\/Image-int-150x100.jpg 150w, https:\/\/caritaskongolo.org\/wp\/wp-content\/uploads\/2026\/01\/Image-int-450x300.jpg 450w\" sizes=\"(max-width: 1024px) 100vw, 1024px\" \/><\/figure>\n<\/figure>\n\n\n\n<p>Il faut noter que depuis 2019 il se constate dans la zone un ph\u00e9nom\u00e8ne de pourriture des maniocs et plusieurs autres pathologies comme la mosa\u00efque du manioc ne pouvant pas permettre aux m\u00e9nages de faire cette culture dans la durabilit\u00e9&nbsp;; la vari\u00e9t\u00e9 Butamu s\u2019est av\u00e9r\u00e9e r\u00e9sistantes \u00e0 toutes ces anomalies avec des maniocs de bonne qualit\u00e9. Cependant, plus de 10 ans apr\u00e8s les boutures de cette vari\u00e9t\u00e9 de manioc \u00e9taient introuvables dans la zone seule Muke Mwendo avait pris soins de les conserver. \u2018<em>\u2019Actuellement la vari\u00e9t\u00e9 Butamu est tr\u00e8s recherch\u00e9e malheureusement beaucoup de membres n\u2019avaient pas bien conserver leurs boutures mais moi j\u2019en ai encore jusqu\u2019aujourd\u2019hui<\/em>\u2019\u2019 a dit la dame devenue agri \u2013 multiplicatrice. Avec son champ des boutures les agriculteurs de Lemba et ses environs vont s\u2019approvisionner chez elle. &nbsp;\u2018\u2019<em>Beaucoup de gens du village et certains membres de notre association viennent solliciter les boutures de maniocs chez moi parce que je suis la seule \u00e0 avoir garder cette vari\u00e9t\u00e9<\/em>\u2019\u2019 a-t-elle dit. 1 sac de 50 Kg contenant au moins 100&nbsp;boutures&nbsp;soit 100&nbsp;m\u00e8tre lin\u00e9aire&nbsp;par sac&nbsp;se vend \u00e0 15&nbsp;000fc (6.5$) de quoi r\u00e9jouir Maman Muke Mwendo qui vend jusqu\u2019\u00e0 10 sacs par semaine ce qui fait une somme de 150&nbsp;000fc (65.2$) \u2018\u2019d<em>\u00e9sormais avec l\u2019argent que je gagne apr\u00e8s-vente des boutures de maniocs j\u2019arrive \u00e0 scolariser 4 de mes enfants, assurer les soins m\u00e9dicaux et pay\u00e9 les biens de valeurs pour ma maison. Je suis un peu soulag\u00e9 de mes souffrances<\/em>\u2019\u2019 s\u2019est r\u00e9joui cette agri \u2013 multiplicatrice de Lemba.<\/p>\n\n\n\n<figure class=\"wp-block-gallery has-nested-images columns-default is-cropped wp-block-gallery-2 is-layout-flex wp-block-gallery-is-layout-flex\">\n<figure class=\"wp-block-image size-large\"><img decoding=\"async\" width=\"1024\" height=\"683\" data-id=\"3126\" src=\"https:\/\/caritaskongolo.org\/wp\/wp-content\/uploads\/2026\/01\/image-int2.jpg\" alt=\"\" class=\"wp-image-3126\" srcset=\"https:\/\/caritaskongolo.org\/wp\/wp-content\/uploads\/2026\/01\/image-int2.jpg 1024w, https:\/\/caritaskongolo.org\/wp\/wp-content\/uploads\/2026\/01\/image-int2-300x200.jpg 300w, https:\/\/caritaskongolo.org\/wp\/wp-content\/uploads\/2026\/01\/image-int2-768x512.jpg 768w, https:\/\/caritaskongolo.org\/wp\/wp-content\/uploads\/2026\/01\/image-int2-150x100.jpg 150w, https:\/\/caritaskongolo.org\/wp\/wp-content\/uploads\/2026\/01\/image-int2-450x300.jpg 450w\" sizes=\"(max-width: 1024px) 100vw, 1024px\" \/><\/figure>\n<\/figure>\n\n\n\n<p>Pour encourager le savoir &#8211; faire de cette dame, le projet SECAL rach\u00e8te aupr\u00e8s d\u2019elle les boutures de cette vari\u00e9t\u00e9 pour appuyer d\u2019autres OP accompagn\u00e9es dans le cadre de ce programme.<\/p>\n\n\n\n<p>Pour rappel le Programme d\u2019appui \u00e0 l\u2019am\u00e9lioration de la s\u00e9curit\u00e9 alimentaire et la r\u00e9duction de la pauvret\u00e9 des m\u00e9nages ruraux est \u00e0 sa troisi\u00e8me phase d\u2019ex\u00e9cution. Il est mis en \u0153uvre dans les territoires de Lubero, Kasongo, Kasangulu et Kongolo en R\u00e9publique D\u00e9mocratique du Congo, et b\u00e9n\u00e9ficie de l\u2019appui technique et financier de NORAD \u00e0 travers Caritas Norv\u00e8ge sous la coordination de la Caritas Congo Asbl.<\/p>\n\n\n\n<p>Crispin N.<\/p>\n","protected":false},"excerpt":{"rendered":"<p>Il s\u2019agit d\u2019une aventure qui a commenc\u00e9 il y a 13 ans (2013 \u2013 2026). Madame Kitenge MUKE MWENDO, une quadrag\u00e9naire et m\u00e8re de 6 enfants&nbsp;; Elle est membre de l\u2019Organisation Paysanne (OP) Maman Maendeleo situ\u00e9e dans la localit\u00e9 Lemba \u00e0 environ 30 Kilom\u00e8tres de Kongolo centre sur l\u2019axe Lubunda. Elle a su conserver les<\/p>\n","protected":false},"author":1,"featured_media":3124,"comment_status":"closed","ping_status":"closed","sticky":false,"template":"","format":"standard","meta":{"ngg_post_thumbnail":0,"footnotes":""},"categories":[76],"tags":[],"class_list":{"0":"post-3122","1":"post","2":"type-post","3":"status-publish","4":"format-standard","5":"has-post-thumbnail","7":"category-developpement"},"amp_enabled":true,"_links":{"self":[{"href":"https:\/\/caritaskongolo.org\/wp\/index.php?rest_route=\/wp\/v2\/posts\/3122","targetHints":{"allow":["GET"]}}],"collection":[{"href":"https:\/\/caritaskongolo.org\/wp\/index.php?rest_route=\/wp\/v2\/posts"}],"about":[{"href":"https:\/\/caritaskongolo.org\/wp\/index.php?rest_route=\/wp\/v2\/types\/post"}],"author":[{"embeddable":true,"href":"https:\/\/caritaskongolo.org\/wp\/index.php?rest_route=\/wp\/v2\/users\/1"}],"replies":[{"embeddable":true,"href":"https:\/\/caritaskongolo.org\/wp\/index.php?rest_route=%2Fwp%2Fv2%2Fcomments&post=3122"}],"version-history":[{"count":1,"href":"https:\/\/caritaskongolo.org\/wp\/index.php?rest_route=\/wp\/v2\/posts\/3122\/revisions"}],"predecessor-version":[{"id":3127,"href":"https:\/\/caritaskongolo.org\/wp\/index.php?rest_route=\/wp\/v2\/posts\/3122\/revisions\/3127"}],"wp:featuredmedia":[{"embeddable":true,"href":"https:\/\/caritaskongolo.org\/wp\/index.php?rest_route=\/wp\/v2\/media\/3124"}],"wp:attachment":[{"href":"https:\/\/caritaskongolo.org\/wp\/index.php?rest_route=%2Fwp%2Fv2%2Fmedia&parent=3122"}],"wp:term":[{"taxonomy":"category","embeddable":true,"href":"https:\/\/caritaskongolo.org\/wp\/index.php?rest_route=%2Fwp%2Fv2%2Fcategories&post=3122"},{"taxonomy":"post_tag","embeddable":true,"href":"https:\/\/caritaskongolo.org\/wp\/index.php?rest_route=%2Fwp%2Fv2%2Ftags&post=3122"}],"curies":[{"name":"wp","href":"https:\/\/api.w.org\/{rel}","templated":true}]}}