{"id":3317,"date":"2026-09-02T07:12:45","date_gmt":"2026-09-02T07:12:45","guid":{"rendered":"https:\/\/caritaskongolo.org\/wp\/?p=3317"},"modified":"2026-09-02T07:12:53","modified_gmt":"2026-09-02T07:12:53","slug":"kongolo-transfert-monetaire-inconditionnel-aux-254-menages-de-bena-hamba-en-appui-aux-activites-agricoles","status":"publish","type":"post","link":"https:\/\/caritaskongolo.org\/wp\/?p=3317","title":{"rendered":"Kongolo\u00a0: Transfert mon\u00e9taire inconditionnel aux 254 m\u00e9nages de Bena Hamba en appui aux activit\u00e9s agricoles"},"content":{"rendered":"\n<p>La Caritas \u2013 D\u00e9veloppement Kongolo sous la Coordination de la Caritas Congo ASBL avec le financement de la Caritas Norv\u00e8ge\/NORAD a proc\u00e9d\u00e9 au transf\u00e8re mon\u00e9taire inconditionnel aux 254 m\u00e9nages de Bena \u2013 Hamba. Cette assistance vise \u00e0 appuyer les m\u00e9nages b\u00e9n\u00e9fici\u00e8res dans leurs activit\u00e9s agricoles en vue d\u2019am\u00e9liorer leur rendement. Cette activit\u00e9 rentre dans le cadre du projet pilote \u2018\u2019Projet de transfert mon\u00e9taire inconditionnel aux 254 m\u00e9nages de Bena Hamba, territoire de Kongolo\u2019\u2019dont l\u2019objectif est de contribuer \u00e0 l\u2019am\u00e9lioration durable de la s\u00e9curit\u00e9 alimentaire et des moyens de subsistance des m\u00e9nages agricoles de Bena Hamba \u00e0 travers une int\u00e9gration renforc\u00e9e du cash inconditionnel au programme de s\u00e9curit\u00e9 alimentaire. Il vient en appui au Programme <strong>d\u2019appui \u00e0 l\u2019am\u00e9lioration de la s\u00e9curit\u00e9 alimentaire et la r\u00e9duction de la pauvret\u00e9 des m\u00e9nages ruraux dans les Territoires de Luburo, Kasongo, Kasangulu, et Kongolo en RD Congo (SECALIII)<\/strong>.<\/p>\n\n\n\n<p>Ledit transfert mon\u00e9taire a eu lieu ce lundi 31 ao\u00fbt 2026 \u00e0 Bena hamba<\/p>\n\n\n\n<p><strong>D\u00e9roulement de l\u2019activit\u00e9<\/strong><\/p>\n\n\n\n<div class=\"wp-block-cover\"><span aria-hidden=\"true\" class=\"wp-block-cover__background has-background-dim\"><\/span><img fetchpriority=\"high\" decoding=\"async\" width=\"1024\" height=\"683\" class=\"wp-block-cover__image-background wp-image-3320\" alt=\"\" src=\"https:\/\/caritaskongolo.org\/wp\/wp-content\/uploads\/2026\/09\/Sensibilisation-des-benef-1.jpg\" data-object-fit=\"cover\" srcset=\"https:\/\/caritaskongolo.org\/wp\/wp-content\/uploads\/2026\/09\/Sensibilisation-des-benef-1.jpg 1024w, https:\/\/caritaskongolo.org\/wp\/wp-content\/uploads\/2026\/09\/Sensibilisation-des-benef-1-300x200.jpg 300w, https:\/\/caritaskongolo.org\/wp\/wp-content\/uploads\/2026\/09\/Sensibilisation-des-benef-1-768x512.jpg 768w, https:\/\/caritaskongolo.org\/wp\/wp-content\/uploads\/2026\/09\/Sensibilisation-des-benef-1-150x100.jpg 150w, https:\/\/caritaskongolo.org\/wp\/wp-content\/uploads\/2026\/09\/Sensibilisation-des-benef-1-450x300.jpg 450w\" sizes=\"(max-width: 1024px) 100vw, 1024px\" \/><div class=\"wp-block-cover__inner-container is-layout-flow wp-block-cover-is-layout-flow\">\n<p><\/p>\n\n\n\n<p><\/p>\n\n\n\n<p><\/p>\n\n\n\n<p><\/p>\n\n\n\n<p><\/p>\n\n\n\n<p><\/p>\n\n\n\n<p class=\"has-text-align-center has-large-font-size\">S\u00e9ance de sensibilisation des B\u00e9n\u00e9ficiaires<\/p>\n<\/div><\/div>\n\n\n\n<p>Cette distribution a \u00e9t\u00e9 pr\u00e9c\u00e9d\u00e9e par une enqu\u00eate de base dans les m\u00e9nages (Baseline), l\u2019enregistrement des b\u00e9n\u00e9ficiaires qui sont membres des organisations paysannes agricoles accompagn\u00e9es par la Caritas Kongolo dans le cadre du projet SECAL III. S\u2019en est suivi les listes des b\u00e9n\u00e9ficiaires et la distribution des jetons imprim\u00e9s avec l\u2019image du r\u00e9cipiendaire du cash, apr\u00e8s cette \u00e9tape les m\u00e9nages ont \u00e9t\u00e9 sensibilis\u00e9s sur le bienfond\u00e9 de cet appui et de son usage. Le jour de l\u2019assistance&nbsp;: apr\u00e8s les discours du chef de secteur de Balubas et du Chef de projet SECAL III \u00e0 la Caritas Kongolo, les b\u00e9n\u00e9ficiaires ont \u00e9t\u00e9 appel\u00e9s sur liste en pr\u00e9sentant son jeton et sa carte d\u2019\u00e9lecteur pour \u00eatre formellement identifi\u00e9 avant d\u2019acc\u00e9der dans la salle du paiement o\u00f9 ils devraient passer par l\u2019\u00e9margement avant d\u2019acc\u00e9der au guichet pour recevoir leur cash.<\/p>\n\n\n\n<p>Une enqu\u00eate (suivi sur site) \u00e9tait effectu\u00e9 pour accueillir les impressions \u00e0 chaud des b\u00e9n\u00e9ficiaires<\/p>\n\n\n\n<p><strong>Modalit\u00e9s op\u00e9rationnelles du transfert<\/strong><\/p>\n\n\n\n<p>La Caritas \u2013 D\u00e9veloppement Kongolo a sign\u00e9 un contrat de partenariat avec La colombe, une agence de messagerie financi\u00e8re locale qui a proc\u00e9d\u00e9 au paiement du cash avec des garanties suffisantes de s\u00e9curit\u00e9, de tra\u00e7abilit\u00e9 et d\u2019accessibilit\u00e9. Le dispositif de paiement a \u00e9t\u00e9 accompagn\u00e9 d\u2019une information claire des m\u00e9nages, d\u2019une validation communautaire des listes, d\u2019un registre de paiement et d\u2019un m\u00e9canisme de plaintes.<\/p>\n\n\n\n<figure class=\"wp-block-image size-full\"><img decoding=\"async\" width=\"1024\" height=\"683\" src=\"https:\/\/caritaskongolo.org\/wp\/wp-content\/uploads\/2026\/09\/Emargement.jpg\" alt=\"\" class=\"wp-image-3321\" srcset=\"https:\/\/caritaskongolo.org\/wp\/wp-content\/uploads\/2026\/09\/Emargement.jpg 1024w, https:\/\/caritaskongolo.org\/wp\/wp-content\/uploads\/2026\/09\/Emargement-300x200.jpg 300w, https:\/\/caritaskongolo.org\/wp\/wp-content\/uploads\/2026\/09\/Emargement-768x512.jpg 768w, https:\/\/caritaskongolo.org\/wp\/wp-content\/uploads\/2026\/09\/Emargement-150x100.jpg 150w, https:\/\/caritaskongolo.org\/wp\/wp-content\/uploads\/2026\/09\/Emargement-450x300.jpg 450w\" sizes=\"(max-width: 1024px) 100vw, 1024px\" \/><\/figure>\n\n\n\n<p>Chaque m\u00e9nage cibl\u00e9 a re\u00e7u un transfert total moyen d\u2019environ 88 USD, qui sera vers\u00e9 en 2 tranches. Ce montant a \u00e9t\u00e9 structur\u00e9 pour r\u00e9pondre \u00e0 trois besoins r\u00e9currents observ\u00e9s chez les m\u00e9nages d\u00e9j\u00e0 suivis par le P-SECAL : l\u2019achat d\u2019intrants (outils aratoires, semences), la mobilisation de la main-d\u2019\u0153uvre agricole et la protection de la consommation pendant la soudure.<\/p>\n\n\n\n<p><strong>Un transfert mon\u00e9taire qui a r\u00e9pondu \u00e0 un besoin op\u00e9rationnel pr\u00e9cis<\/strong><strong><\/strong><\/p>\n\n\n\n<p>\u00c0 Bena Hamba, les m\u00e9nages agricoles tirent principalement leurs moyens de subsistance de l\u2019agriculture vivri\u00e8re, notamment du ma\u00efs, du manioc, de l\u2019arachide, du riz et du ni\u00e9b\u00e9. Malgr\u00e9 le potentiel productif de la zone et les efforts d\u00e9j\u00e0 consentis \u00e0 travers le P-SECAL, les m\u00e9nages restent confront\u00e9s \u00e0 des contraintes structurelles qui limitent durablement leur s\u00e9curit\u00e9 alimentaire et leur capacit\u00e9 d\u2019investissement&nbsp;: Manque chronique de liquidit\u00e9s pour acheter les intrants, mobiliser la main-d\u2019\u0153uvre saisonni\u00e8re et couvrir les d\u00e9penses de soudure, rendements encore faibles en raison d\u2019un acc\u00e8s limit\u00e9 aux techniques culturales adapt\u00e9es et \u00e0 la gestion de la fertilit\u00e9 des sols, pertes post-r\u00e9colte \u00e9lev\u00e9es et capacit\u00e9s encore modestes de stockage, de transformation et de valorisation, etc.<\/p>\n\n\n\n<p>Dans ce contexte, l\u2019int\u00e9gration d\u2019un transfert mon\u00e9taire inconditionnel au sein du P-SECAL r\u00e9pond \u00e0 un besoin op\u00e9rationnel pr\u00e9cis : lever la contrainte imm\u00e9diate de tr\u00e9sorerie qui emp\u00eache les m\u00e9nages d\u00e9j\u00e0 accompagn\u00e9s par le programme de traduire plus rapidement les appuis techniques et organisationnels en r\u00e9sultats concrets. Le transfert est donc con\u00e7u comme un compl\u00e9ment programmatique direct au dispositif existant.<\/p>\n\n\n\n<p>Les b\u00e9n\u00e9ficiaires n\u2019ont pas manqu\u00e9 des mots justes pour remercier la Caritas Kongolo et ses partenaires \u2018\u2019Avec cet argent je vais payer la main \u2013 d\u2019\u0153uvre pour travailler dans mon champ et accroitre les superficies. Je remercie la Caritas pour cette aide si pr\u00e9cieuse\u2019\u2019 a d\u00e9clar\u00e9 Madame Marceline, l\u2019une des b\u00e9n\u00e9ficiaires.<\/p>\n\n\n\n<p>Crispin N.\/Communicateur CDK<\/p>\n\n\n\n<figure class=\"wp-block-image size-full\"><img decoding=\"async\" width=\"1024\" height=\"683\" src=\"https:\/\/caritaskongolo.org\/wp\/wp-content\/uploads\/2026\/09\/Photo-de-famille-1.jpg\" alt=\"\" class=\"wp-image-3323\" srcset=\"https:\/\/caritaskongolo.org\/wp\/wp-content\/uploads\/2026\/09\/Photo-de-famille-1.jpg 1024w, https:\/\/caritaskongolo.org\/wp\/wp-content\/uploads\/2026\/09\/Photo-de-famille-1-300x200.jpg 300w, https:\/\/caritaskongolo.org\/wp\/wp-content\/uploads\/2026\/09\/Photo-de-famille-1-768x512.jpg 768w, https:\/\/caritaskongolo.org\/wp\/wp-content\/uploads\/2026\/09\/Photo-de-famille-1-150x100.jpg 150w, https:\/\/caritaskongolo.org\/wp\/wp-content\/uploads\/2026\/09\/Photo-de-famille-1-450x300.jpg 450w\" sizes=\"(max-width: 1024px) 100vw, 1024px\" \/><\/figure>\n","protected":false},"excerpt":{"rendered":"<p>La Caritas \u2013 D\u00e9veloppement Kongolo sous la Coordination de la Caritas Congo ASBL avec le financement de la Caritas Norv\u00e8ge\/NORAD a proc\u00e9d\u00e9 au transf\u00e8re mon\u00e9taire inconditionnel aux 254 m\u00e9nages de Bena \u2013 Hamba. Cette assistance vise \u00e0 appuyer les m\u00e9nages b\u00e9n\u00e9fici\u00e8res dans leurs activit\u00e9s agricoles en vue d\u2019am\u00e9liorer leur rendement. Cette activit\u00e9 rentre dans le<\/p>\n","protected":false},"author":1,"featured_media":3318,"comment_status":"closed","ping_status":"closed","sticky":false,"template":"","format":"standard","meta":{"give_campaign_id":0,"ngg_post_thumbnail":0,"footnotes":""},"categories":[76],"tags":[],"class_list":{"0":"post-3317","1":"post","2":"type-post","3":"status-publish","4":"format-standard","5":"has-post-thumbnail","7":"category-developpement"},"amp_enabled":true,"_links":{"self":[{"href":"https:\/\/caritaskongolo.org\/wp\/index.php?rest_route=\/wp\/v2\/posts\/3317","targetHints":{"allow":["GET"]}}],"collection":[{"href":"https:\/\/caritaskongolo.org\/wp\/index.php?rest_route=\/wp\/v2\/posts"}],"about":[{"href":"https:\/\/caritaskongolo.org\/wp\/index.php?rest_route=\/wp\/v2\/types\/post"}],"author":[{"embeddable":true,"href":"https:\/\/caritaskongolo.org\/wp\/index.php?rest_route=\/wp\/v2\/users\/1"}],"replies":[{"embeddable":true,"href":"https:\/\/caritaskongolo.org\/wp\/index.php?rest_route=%2Fwp%2Fv2%2Fcomments&post=3317"}],"version-history":[{"count":1,"href":"https:\/\/caritaskongolo.org\/wp\/index.php?rest_route=\/wp\/v2\/posts\/3317\/revisions"}],"predecessor-version":[{"id":3324,"href":"https:\/\/caritaskongolo.org\/wp\/index.php?rest_route=\/wp\/v2\/posts\/3317\/revisions\/3324"}],"wp:featuredmedia":[{"embeddable":true,"href":"https:\/\/caritaskongolo.org\/wp\/index.php?rest_route=\/wp\/v2\/media\/3318"}],"wp:attachment":[{"href":"https:\/\/caritaskongolo.org\/wp\/index.php?rest_route=%2Fwp%2Fv2%2Fmedia&parent=3317"}],"wp:term":[{"taxonomy":"category","embeddable":true,"href":"https:\/\/caritaskongolo.org\/wp\/index.php?rest_route=%2Fwp%2Fv2%2Fcategories&post=3317"},{"taxonomy":"post_tag","embeddable":true,"href":"https:\/\/caritaskongolo.org\/wp\/index.php?rest_route=%2Fwp%2Fv2%2Ftags&post=3317"}],"curies":[{"name":"wp","href":"https:\/\/api.w.org\/{rel}","templated":true}]}}