{"id":3335,"date":"2026-09-04T14:45:20","date_gmt":"2026-09-04T14:45:20","guid":{"rendered":"https:\/\/caritaskongolo.org\/wp\/?p=3335"},"modified":"2026-09-04T14:45:21","modified_gmt":"2026-09-04T14:45:21","slug":"secal-iii-la-caritas-developpement-kongolo-dote-kongolo-dune-mini-station-meteorologique-au-service-des-petits-producteurs-agricoles","status":"publish","type":"post","link":"https:\/\/caritaskongolo.org\/wp\/?p=3335","title":{"rendered":"\u00a0SECAL III : La Caritas D\u00e9veloppement Kongolo dote Kongolo d&rsquo;une mini-station m\u00e9t\u00e9orologique au service des petits producteurs agricoles"},"content":{"rendered":"\n<p>Dans le cadre du Programme d&rsquo;Am\u00e9lioration de la S\u00e9curit\u00e9 Alimentaire et de R\u00e9duction de la Pauvret\u00e9 des m\u00e9nages ruraux SECAL III, la Caritas D\u00e9veloppement Kongolo [CDK] a inaugur\u00e9 le samedi 30 ao\u00fbt 2025 une mini-station m\u00e9t\u00e9orologique. Une innovation majeure pour renforcer la r\u00e9silience climatique des agriculteurs de Kongolo.<\/p>\n\n\n\n<p><strong>Une r\u00e9ponse concr\u00e8te au changement climatique<\/strong><\/p>\n\n\n\n<p>Les petits producteurs agricoles du Territoire de Kongolo sont en premi\u00e8re ligne face aux effets du changement climatique. L&rsquo;impr\u00e9visibilit\u00e9 des saisons, la non-ma\u00eetrise des temp\u00e9ratures et de la pluviom\u00e9trie impactent n\u00e9gativement les rendements et accentuent l&rsquo;ins\u00e9curit\u00e9 alimentaire.<\/p>\n\n\n\n<p>C&rsquo;est pour r\u00e9pondre \u00e0 ce d\u00e9fi que la Caritas D\u00e9veloppement Kongolo, avec l&rsquo;appui financier de NORAD \/ Caritas Norv\u00e8ge dans le cadre du programme SECAL III, a proc\u00e9d\u00e9 \u00e0 l&rsquo;installation d&rsquo;une mini-station m\u00e9t\u00e9orologique au sein de ses installations.<\/p>\n\n\n\n<p>Cette station fournira des donn\u00e9es fiables et en temps r\u00e9el sur :la pluviom\u00e9trie, la temp\u00e9rature, l&rsquo;humidit\u00e9, la vitesse et la direction du vent.<\/p>\n\n\n\n<p>Gr\u00e2ce \u00e0 ces informations, les producteurs pourront mieux planifier leurs calendriers de semis et de r\u00e9coltes, anticiper les risques climatiques, r\u00e9duire les pertes agricoles et adopter des pratiques d&rsquo;agriculture durable et intelligente face au climat.<\/p>\n\n\n\n<p>Au-del\u00e0 de l&rsquo;agriculture, cette infrastructure va soutenir le syst\u00e8me d&rsquo;alerte pr\u00e9coce communautaire et servir de centre d&rsquo;apprentissage communautaire pour l&rsquo;interpr\u00e9tation et l&rsquo;utilisation des informations m\u00e9t\u00e9orologiques par la population.<\/p>\n\n\n\n<p><strong>Une c\u00e9r\u00e9monie riche en enseignements<\/strong><\/p>\n\n\n\n<p>L&rsquo;inauguration a connu la participation de plusieurs couches de la population de Kongolo : l&rsquo;Administrateur Assistant en charge de la politique et de l&rsquo;Administration, les Pr\u00eatres du Dioc\u00e8se de Kongolo, les membres des Organisations Paysannes Agricoles [OPA], le personnel de la R\u00e9gie des Voies A\u00e9riennes [RVA], des \u00e9tudiants, des chercheurs et le personnel de la CDK.<\/p>\n\n\n\n<p>La c\u00e9r\u00e9monie a \u00e9t\u00e9 marqu\u00e9e par deux temps forts :<\/p>\n\n\n\n<ol class=\"wp-block-list\">\n<li>Une session th\u00e9orique anim\u00e9e par M. Julien NZEMO, , Chef de la Division du syst\u00e8me d\u2019information \u00e0 la METTELSAT. Il a \u00e9difi\u00e9 les participants sur la mission de la METTELSAT, la politique nationale de gestion des risques de catastrophes, la plateforme nationale de r\u00e9duction des risques de catastrophes et le r\u00f4le strat\u00e9gique de la METTELSAT dans le syst\u00e8me d&rsquo;alerte pr\u00e9coce. Il a pr\u00e9cis\u00e9 que la station install\u00e9e \u00e0 la CDK est une station de base, dont la mission principale est la surveillance m\u00e9t\u00e9orologique afin de constituer une base de donn\u00e9es locale fiable.<\/li>\n<\/ol>\n\n\n\n<figure class=\"wp-block-image size-full\"><img fetchpriority=\"high\" decoding=\"async\" width=\"1024\" height=\"683\" src=\"https:\/\/caritaskongolo.org\/wp\/wp-content\/uploads\/2026\/09\/Atelier-en-salle.jpg\" alt=\"\" class=\"wp-image-3338\" srcset=\"https:\/\/caritaskongolo.org\/wp\/wp-content\/uploads\/2026\/09\/Atelier-en-salle.jpg 1024w, https:\/\/caritaskongolo.org\/wp\/wp-content\/uploads\/2026\/09\/Atelier-en-salle-300x200.jpg 300w, https:\/\/caritaskongolo.org\/wp\/wp-content\/uploads\/2026\/09\/Atelier-en-salle-768x512.jpg 768w, https:\/\/caritaskongolo.org\/wp\/wp-content\/uploads\/2026\/09\/Atelier-en-salle-150x100.jpg 150w, https:\/\/caritaskongolo.org\/wp\/wp-content\/uploads\/2026\/09\/Atelier-en-salle-450x300.jpg 450w\" sizes=\"(max-width: 1024px) 100vw, 1024px\" \/><\/figure>\n\n\n\n<ul class=\"wp-block-list\">\n<li>La b\u00e9n\u00e9diction et la remise officielle de la station. Apr\u00e8s l&rsquo;atelier en salle, les participants se sont rendus sur le site d&rsquo;installation pour la b\u00e9n\u00e9diction de la station par le R\u00e9v\u00e9rend Abb\u00e9 Thomas MWEHU, Secr\u00e9taire Chancelier du Dioc\u00e8se de Kongolo. La c\u00e9r\u00e9monie s&rsquo;est cl\u00f4tur\u00e9e par la remise symbolique des cl\u00e9s de la station \u00e0 l&rsquo;Abb\u00e9 Coordonnateur de la CDK par le technicien de la METTELSAT.<\/li>\n<\/ul>\n\n\n\n<figure class=\"wp-block-image size-full\"><img decoding=\"async\" width=\"1024\" height=\"683\" src=\"https:\/\/caritaskongolo.org\/wp\/wp-content\/uploads\/2026\/09\/Benediction.jpg\" alt=\"\" class=\"wp-image-3339\" srcset=\"https:\/\/caritaskongolo.org\/wp\/wp-content\/uploads\/2026\/09\/Benediction.jpg 1024w, https:\/\/caritaskongolo.org\/wp\/wp-content\/uploads\/2026\/09\/Benediction-300x200.jpg 300w, https:\/\/caritaskongolo.org\/wp\/wp-content\/uploads\/2026\/09\/Benediction-768x512.jpg 768w, https:\/\/caritaskongolo.org\/wp\/wp-content\/uploads\/2026\/09\/Benediction-150x100.jpg 150w, https:\/\/caritaskongolo.org\/wp\/wp-content\/uploads\/2026\/09\/Benediction-450x300.jpg 450w\" sizes=\"(max-width: 1024px) 100vw, 1024px\" \/><\/figure>\n\n\n\n<p>Cette initiative a \u00e9t\u00e9 unanimement salu\u00e9e par les producteurs agricoles pr\u00e9sents, qui y voient un outil indispensable pour s\u00e9curiser leurs activit\u00e9s et am\u00e9liorer leurs revenus.<\/p>\n\n\n\n<p>La Caritas D\u00e9veloppement Kongolo r\u00e9affirme ainsi son engagement \u00e0 \u0153uvrer aux c\u00f4t\u00e9s des communaut\u00e9s rurales pour une s\u00e9curit\u00e9 alimentaire durable dans&nbsp; la zone d&rsquo;intervention du programme SECAL III.<\/p>\n\n\n\n<p>Crispin N.\/communicateur CDK<\/p>\n","protected":false},"excerpt":{"rendered":"<p>Dans le cadre du Programme d&rsquo;Am\u00e9lioration de la S\u00e9curit\u00e9 Alimentaire et de R\u00e9duction de la Pauvret\u00e9 des m\u00e9nages ruraux SECAL III, la Caritas D\u00e9veloppement Kongolo [CDK] a inaugur\u00e9 le samedi 30 ao\u00fbt 2025 une mini-station m\u00e9t\u00e9orologique. Une innovation majeure pour renforcer la r\u00e9silience climatique des agriculteurs de Kongolo. Une r\u00e9ponse concr\u00e8te au changement climatique Les<\/p>\n","protected":false},"author":1,"featured_media":3337,"comment_status":"closed","ping_status":"closed","sticky":false,"template":"","format":"standard","meta":{"give_campaign_id":0,"ngg_post_thumbnail":0,"footnotes":""},"categories":[76],"tags":[],"class_list":{"0":"post-3335","1":"post","2":"type-post","3":"status-publish","4":"format-standard","5":"has-post-thumbnail","7":"category-developpement"},"amp_enabled":true,"_links":{"self":[{"href":"https:\/\/caritaskongolo.org\/wp\/index.php?rest_route=\/wp\/v2\/posts\/3335","targetHints":{"allow":["GET"]}}],"collection":[{"href":"https:\/\/caritaskongolo.org\/wp\/index.php?rest_route=\/wp\/v2\/posts"}],"about":[{"href":"https:\/\/caritaskongolo.org\/wp\/index.php?rest_route=\/wp\/v2\/types\/post"}],"author":[{"embeddable":true,"href":"https:\/\/caritaskongolo.org\/wp\/index.php?rest_route=\/wp\/v2\/users\/1"}],"replies":[{"embeddable":true,"href":"https:\/\/caritaskongolo.org\/wp\/index.php?rest_route=%2Fwp%2Fv2%2Fcomments&post=3335"}],"version-history":[{"count":1,"href":"https:\/\/caritaskongolo.org\/wp\/index.php?rest_route=\/wp\/v2\/posts\/3335\/revisions"}],"predecessor-version":[{"id":3340,"href":"https:\/\/caritaskongolo.org\/wp\/index.php?rest_route=\/wp\/v2\/posts\/3335\/revisions\/3340"}],"wp:featuredmedia":[{"embeddable":true,"href":"https:\/\/caritaskongolo.org\/wp\/index.php?rest_route=\/wp\/v2\/media\/3337"}],"wp:attachment":[{"href":"https:\/\/caritaskongolo.org\/wp\/index.php?rest_route=%2Fwp%2Fv2%2Fmedia&parent=3335"}],"wp:term":[{"taxonomy":"category","embeddable":true,"href":"https:\/\/caritaskongolo.org\/wp\/index.php?rest_route=%2Fwp%2Fv2%2Fcategories&post=3335"},{"taxonomy":"post_tag","embeddable":true,"href":"https:\/\/caritaskongolo.org\/wp\/index.php?rest_route=%2Fwp%2Fv2%2Ftags&post=3335"}],"curies":[{"name":"wp","href":"https:\/\/api.w.org\/{rel}","templated":true}]}}